{"id":969,"date":"2018-03-01T22:37:23","date_gmt":"2018-03-01T21:37:23","guid":{"rendered":"https:\/\/camping-bidarray.fr\/espanol\/?p=969"},"modified":"2018-07-22T11:34:48","modified_gmt":"2018-07-22T09:34:48","slug":"camping-ametoya-la-nieve-rara-efimera","status":"publish","type":"post","link":"https:\/\/camping-bidarray.fr\/espanol\/blog\/camping-ametoya-la-nieve-rara-efimera\/","title":{"rendered":"El camping Amestoya bajo la nieve, rara y ef\u00edmera"},"content":{"rendered":"<div class=\"fusion-fullwidth fullwidth-box fusion-builder-row-1 nonhundred-percent-fullwidth non-hundred-percent-height-scrolling\" style=\"--awb-border-radius-top-left:0px;--awb-border-radius-top-right:0px;--awb-border-radius-bottom-right:0px;--awb-border-radius-bottom-left:0px;--awb-flex-wrap:wrap;\" ><div class=\"fusion-builder-row fusion-row\"><div class=\"fusion-layout-column fusion_builder_column fusion-builder-column-0 fusion_builder_column_1_1 1_1 fusion-one-full fusion-column-first fusion-column-last\" style=\"--awb-bg-size:cover;\"><div class=\"fusion-column-wrapper fusion-flex-column-wrapper-legacy\"><div class=\"awb-gallery-wrapper awb-gallery-wrapper-1 button-span-no\"><div style=\"margin:-5px;--awb-bordersize:0px;\" class=\"fusion-gallery fusion-gallery-container fusion-grid-3 fusion-columns-total-6 fusion-gallery-layout-grid fusion-gallery-1\"><div style=\"padding:5px;\" class=\"fusion-grid-column fusion-gallery-column fusion-gallery-column-3 hover-type-none\"><div class=\"fusion-gallery-image\"><a href=\"https:\/\/camping-bidarray.fr\/espanol\/wp-content\/uploads\/sites\/9\/2018\/03\/IMG_20180228_100353.jpg\" data-title=\"El camping Amestoya en Bidarray bajo la nieve\" title=\"El camping Amestoya en Bidarray bajo la nieve\" data-caption=\"Una situaci\u00f3n bastante rara para ser inmortalizado por algunas fotos\" rel=\"noreferrer\" data-rel=\"iLightbox[gallery_image_1]\" class=\"fusion-lightbox\" target=\"_self\"><img decoding=\"async\" src=\"https:\/\/camping-bidarray.fr\/espanol\/wp-content\/uploads\/sites\/9\/2018\/03\/IMG_20180228_100353.jpg\" width=\"3264\" height=\"1836\" alt=\"Una situaci\u00f3n bastante rara para ser inmortalizado por algunas fotos\" title=\"El camping Amestoya en Bidarray bajo la nieve\" aria-label=\"El camping Amestoya en Bidarray bajo la nieve\" class=\"img-responsive wp-image-962\" srcset=\"https:\/\/camping-bidarray.fr\/espanol\/wp-content\/uploads\/sites\/9\/2018\/03\/IMG_20180228_100353-200x113.jpg 200w, https:\/\/camping-bidarray.fr\/espanol\/wp-content\/uploads\/sites\/9\/2018\/03\/IMG_20180228_100353-400x225.jpg 400w, https:\/\/camping-bidarray.fr\/espanol\/wp-content\/uploads\/sites\/9\/2018\/03\/IMG_20180228_100353-600x338.jpg 600w, https:\/\/camping-bidarray.fr\/espanol\/wp-content\/uploads\/sites\/9\/2018\/03\/IMG_20180228_100353-800x450.jpg 800w, https:\/\/camping-bidarray.fr\/espanol\/wp-content\/uploads\/sites\/9\/2018\/03\/IMG_20180228_100353-1200x675.jpg 1200w, https:\/\/camping-bidarray.fr\/espanol\/wp-content\/uploads\/sites\/9\/2018\/03\/IMG_20180228_100353.jpg 3264w\" sizes=\"(min-width: 2200px) 100vw, (min-width: 784px) 387px, (min-width: 712px) 580px, (min-width: 640px) 712px, \" \/><\/a><\/div><\/div><div style=\"padding:5px;\" class=\"fusion-grid-column fusion-gallery-column fusion-gallery-column-3 hover-type-none\"><div class=\"fusion-gallery-image\"><a href=\"https:\/\/camping-bidarray.fr\/espanol\/wp-content\/uploads\/sites\/9\/2018\/03\/IMG_20180228_103527606.jpg\" data-title=\"Mimosas y palmeras bajo la nieve al camping Amestoya en Bidarray\" title=\"Mimosas y palmeras bajo la nieve al camping Amestoya en Bidarray\" data-caption=\"Mimosas y palmeras bajo la nieve al camping Amestoya en Bidarray, la meteorolog\u00eda esta vez aqu\u00ed a verano de una precisi\u00f3n temible, 10 cm de nieve efectivamente derribada a los horarios anunciadas, ninguno tapemos comprobados, circulaci\u00f3n muy fluida\" rel=\"noreferrer\" data-rel=\"iLightbox[gallery_image_1]\" class=\"fusion-lightbox\" target=\"_self\"><img decoding=\"async\" src=\"https:\/\/camping-bidarray.fr\/espanol\/wp-content\/uploads\/sites\/9\/2018\/03\/IMG_20180228_103527606.jpg\" width=\"2592\" height=\"1456\" alt=\"Mimosas y palmeras bajo la nieve al camping Amestoya en Bidarray, la meteorolog\u00eda esta vez aqu\u00ed a verano de una precisi\u00f3n temible, 10 cm de nieve efectivamente derribada a los horarios anunciadas, ninguno tapemos comprobados, circulaci\u00f3n muy fluida\" title=\"Mimosas y palmeras bajo la nieve al camping Amestoya en Bidarray\" aria-label=\"Mimosas y palmeras bajo la nieve al camping Amestoya en Bidarray\" class=\"img-responsive wp-image-965\" srcset=\"https:\/\/camping-bidarray.fr\/espanol\/wp-content\/uploads\/sites\/9\/2018\/03\/IMG_20180228_103527606-200x112.jpg 200w, https:\/\/camping-bidarray.fr\/espanol\/wp-content\/uploads\/sites\/9\/2018\/03\/IMG_20180228_103527606-400x225.jpg 400w, https:\/\/camping-bidarray.fr\/espanol\/wp-content\/uploads\/sites\/9\/2018\/03\/IMG_20180228_103527606-600x337.jpg 600w, https:\/\/camping-bidarray.fr\/espanol\/wp-content\/uploads\/sites\/9\/2018\/03\/IMG_20180228_103527606-800x449.jpg 800w, https:\/\/camping-bidarray.fr\/espanol\/wp-content\/uploads\/sites\/9\/2018\/03\/IMG_20180228_103527606-1200x674.jpg 1200w, https:\/\/camping-bidarray.fr\/espanol\/wp-content\/uploads\/sites\/9\/2018\/03\/IMG_20180228_103527606.jpg 2592w\" sizes=\"(min-width: 2200px) 100vw, (min-width: 784px) 387px, (min-width: 712px) 580px, (min-width: 640px) 712px, \" \/><\/a><\/div><\/div><div style=\"padding:5px;\" class=\"fusion-grid-column fusion-gallery-column fusion-gallery-column-3 hover-type-none\"><div class=\"fusion-gallery-image\"><a href=\"https:\/\/camping-bidarray.fr\/espanol\/wp-content\/uploads\/sites\/9\/2018\/03\/IMG_20180228_103729872.jpg\" data-title=\"Entrada del camping Amestoya a Bidarray bajo la nieve\" title=\"Entrada del camping Amestoya a Bidarray bajo la nieve\" data-caption=\"Falta el tablero &quot; cadenas obligatorias &quot;, no le queda m\u00e1s que transformarle en Martin Fourcade ;-)\" rel=\"noreferrer\" data-rel=\"iLightbox[gallery_image_1]\" class=\"fusion-lightbox\" target=\"_self\"><img decoding=\"async\" src=\"https:\/\/camping-bidarray.fr\/espanol\/wp-content\/uploads\/sites\/9\/2018\/03\/IMG_20180228_103729872.jpg\" width=\"2992\" height=\"400\" alt=\"Falta el tablero &quot; cadenas obligatorias &quot;, no le queda m\u00e1s que transformarle en Martin Fourcade ;-)\" title=\"Entrada del camping Amestoya a Bidarray bajo la nieve\" aria-label=\"Entrada del camping Amestoya a Bidarray bajo la nieve\" class=\"img-responsive wp-image-966\" srcset=\"https:\/\/camping-bidarray.fr\/espanol\/wp-content\/uploads\/sites\/9\/2018\/03\/IMG_20180228_103729872-200x27.jpg 200w, https:\/\/camping-bidarray.fr\/espanol\/wp-content\/uploads\/sites\/9\/2018\/03\/IMG_20180228_103729872-400x53.jpg 400w, https:\/\/camping-bidarray.fr\/espanol\/wp-content\/uploads\/sites\/9\/2018\/03\/IMG_20180228_103729872-600x80.jpg 600w, https:\/\/camping-bidarray.fr\/espanol\/wp-content\/uploads\/sites\/9\/2018\/03\/IMG_20180228_103729872-800x107.jpg 800w, https:\/\/camping-bidarray.fr\/espanol\/wp-content\/uploads\/sites\/9\/2018\/03\/IMG_20180228_103729872-1200x160.jpg 1200w, https:\/\/camping-bidarray.fr\/espanol\/wp-content\/uploads\/sites\/9\/2018\/03\/IMG_20180228_103729872.jpg 2992w\" sizes=\"(min-width: 2200px) 100vw, (min-width: 784px) 387px, (min-width: 712px) 580px, (min-width: 640px) 712px, \" \/><\/a><\/div><\/div><div class=\"clearfix\"><\/div><div style=\"padding:5px;\" class=\"fusion-grid-column fusion-gallery-column fusion-gallery-column-3 hover-type-none\"><div class=\"fusion-gallery-image\"><a href=\"https:\/\/camping-bidarray.fr\/espanol\/wp-content\/uploads\/sites\/9\/2018\/03\/IMG_20180228_110451505.jpg\" data-title=\"Valle de Nive, orillas nevadas del r\u00edo al camping Amestoya\" title=\"Valle de Nive, orillas nevadas del r\u00edo al camping Amestoya\" data-caption=\"\u00a1 R\u00e1pido del camping Amestoya de Bidarray bajo la nieve, el ambiente Grande norte, faltan s\u00f3lo los tramperos!\" rel=\"noreferrer\" data-rel=\"iLightbox[gallery_image_1]\" class=\"fusion-lightbox\" target=\"_self\"><img decoding=\"async\" src=\"https:\/\/camping-bidarray.fr\/espanol\/wp-content\/uploads\/sites\/9\/2018\/03\/IMG_20180228_110451505.jpg\" width=\"3040\" height=\"376\" alt=\"\u00a1 R\u00e1pido del camping Amestoya de Bidarray bajo la nieve, el ambiente Grande norte, faltan s\u00f3lo los tramperos!\" title=\"Valle de Nive, orillas nevadas del r\u00edo al camping Amestoya\" aria-label=\"Valle de Nive, orillas nevadas del r\u00edo al camping Amestoya\" class=\"img-responsive wp-image-967\" srcset=\"https:\/\/camping-bidarray.fr\/espanol\/wp-content\/uploads\/sites\/9\/2018\/03\/IMG_20180228_110451505-200x25.jpg 200w, https:\/\/camping-bidarray.fr\/espanol\/wp-content\/uploads\/sites\/9\/2018\/03\/IMG_20180228_110451505-400x49.jpg 400w, https:\/\/camping-bidarray.fr\/espanol\/wp-content\/uploads\/sites\/9\/2018\/03\/IMG_20180228_110451505-600x74.jpg 600w, https:\/\/camping-bidarray.fr\/espanol\/wp-content\/uploads\/sites\/9\/2018\/03\/IMG_20180228_110451505-800x99.jpg 800w, https:\/\/camping-bidarray.fr\/espanol\/wp-content\/uploads\/sites\/9\/2018\/03\/IMG_20180228_110451505-1200x148.jpg 1200w, https:\/\/camping-bidarray.fr\/espanol\/wp-content\/uploads\/sites\/9\/2018\/03\/IMG_20180228_110451505.jpg 3040w\" sizes=\"(min-width: 2200px) 100vw, (min-width: 784px) 387px, (min-width: 712px) 580px, (min-width: 640px) 712px, \" \/><\/a><\/div><\/div><div style=\"padding:5px;\" class=\"fusion-grid-column fusion-gallery-column fusion-gallery-column-3 hover-type-none\"><div class=\"fusion-gallery-image\"><a href=\"https:\/\/camping-bidarray.fr\/espanol\/wp-content\/uploads\/sites\/9\/2018\/03\/IMG_20180228_103110410.jpg\" data-title=\"Camping Amestoya bajo 10 cm de nieve en Bidarray\" title=\"Camping Amestoya bajo 10 cm de nieve en Bidarray\" data-caption=\"Camping Amestoya bajo 10 cm de nieve en Bidarray\" rel=\"noreferrer\" data-rel=\"iLightbox[gallery_image_1]\" class=\"fusion-lightbox\" target=\"_self\"><img decoding=\"async\" src=\"https:\/\/camping-bidarray.fr\/espanol\/wp-content\/uploads\/sites\/9\/2018\/03\/IMG_20180228_103110410.jpg\" width=\"2163\" height=\"344\" alt=\"Camping Amestoya bajo 10 cm de nieve en Bidarray\" title=\"Camping Amestoya bajo 10 cm de nieve en Bidarray\" aria-label=\"Camping Amestoya bajo 10 cm de nieve en Bidarray\" class=\"img-responsive wp-image-964\" srcset=\"https:\/\/camping-bidarray.fr\/espanol\/wp-content\/uploads\/sites\/9\/2018\/03\/IMG_20180228_103110410-200x32.jpg 200w, https:\/\/camping-bidarray.fr\/espanol\/wp-content\/uploads\/sites\/9\/2018\/03\/IMG_20180228_103110410-400x64.jpg 400w, https:\/\/camping-bidarray.fr\/espanol\/wp-content\/uploads\/sites\/9\/2018\/03\/IMG_20180228_103110410-600x95.jpg 600w, https:\/\/camping-bidarray.fr\/espanol\/wp-content\/uploads\/sites\/9\/2018\/03\/IMG_20180228_103110410-800x127.jpg 800w, https:\/\/camping-bidarray.fr\/espanol\/wp-content\/uploads\/sites\/9\/2018\/03\/IMG_20180228_103110410-1200x191.jpg 1200w, https:\/\/camping-bidarray.fr\/espanol\/wp-content\/uploads\/sites\/9\/2018\/03\/IMG_20180228_103110410.jpg 2163w\" sizes=\"(min-width: 2200px) 100vw, (min-width: 784px) 387px, (min-width: 712px) 580px, (min-width: 640px) 712px, \" \/><\/a><\/div><\/div><div style=\"padding:5px;\" class=\"fusion-grid-column fusion-gallery-column fusion-gallery-column-3 hover-type-none\"><div class=\"fusion-gallery-image\"><a href=\"https:\/\/camping-bidarray.fr\/espanol\/wp-content\/uploads\/sites\/9\/2018\/03\/IMG_20180228_103020209.jpg\" data-title=\"Panorama ef\u00edmero del camping Amestoya en el valle de Nive\" title=\"Panorama ef\u00edmero del camping Amestoya en el valle de Nive\" data-caption=\"Panorama ef\u00edmero del camping Amestoya bajo 10 cm de nieve en Bidarray en el valle de Nive,\" rel=\"noreferrer\" data-rel=\"iLightbox[gallery_image_1]\" class=\"fusion-lightbox\" target=\"_self\"><img decoding=\"async\" src=\"https:\/\/camping-bidarray.fr\/espanol\/wp-content\/uploads\/sites\/9\/2018\/03\/IMG_20180228_103020209.jpg\" width=\"2304\" height=\"333\" alt=\"Panorama ef\u00edmero del camping Amestoya en el valle de Nive\" title=\"Panorama ef\u00edmero del camping Amestoya en el valle de Nive\" aria-label=\"Panorama ef\u00edmero del camping Amestoya en el valle de Nive\" class=\"img-responsive wp-image-963\" srcset=\"https:\/\/camping-bidarray.fr\/espanol\/wp-content\/uploads\/sites\/9\/2018\/03\/IMG_20180228_103020209-200x29.jpg 200w, https:\/\/camping-bidarray.fr\/espanol\/wp-content\/uploads\/sites\/9\/2018\/03\/IMG_20180228_103020209-400x58.jpg 400w, https:\/\/camping-bidarray.fr\/espanol\/wp-content\/uploads\/sites\/9\/2018\/03\/IMG_20180228_103020209-600x87.jpg 600w, https:\/\/camping-bidarray.fr\/espanol\/wp-content\/uploads\/sites\/9\/2018\/03\/IMG_20180228_103020209-800x116.jpg 800w, https:\/\/camping-bidarray.fr\/espanol\/wp-content\/uploads\/sites\/9\/2018\/03\/IMG_20180228_103020209-1200x173.jpg 1200w, https:\/\/camping-bidarray.fr\/espanol\/wp-content\/uploads\/sites\/9\/2018\/03\/IMG_20180228_103020209.jpg 2304w\" sizes=\"(min-width: 2200px) 100vw, (min-width: 784px) 387px, (min-width: 712px) 580px, (min-width: 640px) 712px, \" \/><\/a><\/div><\/div><div class=\"clearfix\"><\/div><\/div><\/div><div class=\"fusion-clearfix\"><\/div><\/div><\/div><\/div><\/div>\n","protected":false},"excerpt":{"rendered":"","protected":false},"author":3,"featured_media":961,"comment_status":"open","ping_status":"open","sticky":false,"template":"","format":"standard","meta":{"footnotes":""},"categories":[1],"tags":[],"class_list":["post-969","post","type-post","status-publish","format-standard","has-post-thumbnail","hentry","category-actus"],"yoast_head":"<!-- This site is optimized with the Yoast SEO plugin v27.5 - https:\/\/yoast.com\/product\/yoast-seo-wordpress\/ -->\n<title>El camping Amestoya de Bidarray bajo la nieve, rara y ef\u00edmera<\/title>\n<meta name=\"description\" content=\"\u00a1 Ayer el camping Amestoya de Bidarray bajo la nieve a trocado su abrigo verde para un blanco inhabitual y ef\u00edmero, esto merece bien algunas fotos!\" \/>\n<meta name=\"robots\" content=\"index, follow, max-snippet:-1, max-image-preview:large, max-video-preview:-1\" \/>\n<link rel=\"canonical\" href=\"https:\/\/camping-bidarray.fr\/espanol\/blog\/camping-ametoya-la-nieve-rara-efimera\/\" \/>\n<meta property=\"og:locale\" content=\"es_ES\" \/>\n<meta property=\"og:type\" content=\"article\" \/>\n<meta property=\"og:title\" content=\"El camping Amestoya de Bidarray bajo la nieve, rara y ef\u00edmera\" \/>\n<meta property=\"og:description\" content=\"\u00a1 Ayer el camping Amestoya de Bidarray bajo la nieve a trocado su abrigo verde para un blanco inhabitual y ef\u00edmero, esto merece bien algunas fotos!\" \/>\n<meta property=\"og:url\" content=\"https:\/\/camping-bidarray.fr\/espanol\/blog\/camping-ametoya-la-nieve-rara-efimera\/\" \/>\n<meta property=\"og:site_name\" content=\"Camping Bidarray espa\u00f1ol\" \/>\n<meta property=\"article:publisher\" content=\"https:\/\/www.facebook.com\/Camping-Amestoya-1669309003340646\/\" \/>\n<meta property=\"article:published_time\" content=\"2018-03-01T21:37:23+00:00\" \/>\n<meta property=\"article:modified_time\" content=\"2018-07-22T09:34:48+00:00\" \/>\n<meta property=\"og:image\" content=\"https:\/\/camping-bidarray.fr\/espanol\/wp-content\/uploads\/sites\/9\/2018\/03\/camping-amestoya-bidarray-neige.jpg\" \/>\n\t<meta property=\"og:image:width\" content=\"2496\" \/>\n\t<meta property=\"og:image:height\" content=\"1296\" \/>\n\t<meta property=\"og:image:type\" content=\"image\/jpeg\" \/>\n<meta name=\"author\" content=\"raftcamp\" \/>\n<meta name=\"twitter:card\" content=\"summary_large_image\" \/>\n<meta name=\"twitter:label1\" content=\"Escrito por\" \/>\n\t<meta name=\"twitter:data1\" content=\"raftcamp\" \/>\n\t<meta name=\"twitter:label2\" content=\"Tiempo de lectura\" \/>\n\t<meta name=\"twitter:data2\" content=\"1 minuto\" \/>\n<script type=\"application\/ld+json\" class=\"yoast-schema-graph\">{\"@context\":\"https:\\\/\\\/schema.org\",\"@graph\":[{\"@type\":\"Article\",\"@id\":\"https:\\\/\\\/camping-bidarray.fr\\\/espanol\\\/blog\\\/camping-ametoya-la-nieve-rara-efimera\\\/#article\",\"isPartOf\":{\"@id\":\"https:\\\/\\\/camping-bidarray.fr\\\/espanol\\\/blog\\\/camping-ametoya-la-nieve-rara-efimera\\\/\"},\"author\":{\"name\":\"raftcamp\",\"@id\":\"https:\\\/\\\/camping-bidarray.fr\\\/espanol\\\/#\\\/schema\\\/person\\\/83816f7c9a014bf08507a7d6216db6fc\"},\"headline\":\"El camping Amestoya bajo la nieve, rara y ef\u00edmera\",\"datePublished\":\"2018-03-01T21:37:23+00:00\",\"dateModified\":\"2018-07-22T09:34:48+00:00\",\"mainEntityOfPage\":{\"@id\":\"https:\\\/\\\/camping-bidarray.fr\\\/espanol\\\/blog\\\/camping-ametoya-la-nieve-rara-efimera\\\/\"},\"wordCount\":208,\"commentCount\":0,\"image\":{\"@id\":\"https:\\\/\\\/camping-bidarray.fr\\\/espanol\\\/blog\\\/camping-ametoya-la-nieve-rara-efimera\\\/#primaryimage\"},\"thumbnailUrl\":\"https:\\\/\\\/camping-bidarray.fr\\\/espanol\\\/wp-content\\\/uploads\\\/sites\\\/9\\\/2018\\\/03\\\/camping-amestoya-bidarray-neige.jpg\",\"articleSection\":[\"actus\"],\"inLanguage\":\"es\",\"potentialAction\":[{\"@type\":\"CommentAction\",\"name\":\"Comment\",\"target\":[\"https:\\\/\\\/camping-bidarray.fr\\\/espanol\\\/blog\\\/camping-ametoya-la-nieve-rara-efimera\\\/#respond\"]}]},{\"@type\":\"WebPage\",\"@id\":\"https:\\\/\\\/camping-bidarray.fr\\\/espanol\\\/blog\\\/camping-ametoya-la-nieve-rara-efimera\\\/\",\"url\":\"https:\\\/\\\/camping-bidarray.fr\\\/espanol\\\/blog\\\/camping-ametoya-la-nieve-rara-efimera\\\/\",\"name\":\"El camping Amestoya de Bidarray bajo la nieve, rara y ef\u00edmera\",\"isPartOf\":{\"@id\":\"https:\\\/\\\/camping-bidarray.fr\\\/espanol\\\/#website\"},\"primaryImageOfPage\":{\"@id\":\"https:\\\/\\\/camping-bidarray.fr\\\/espanol\\\/blog\\\/camping-ametoya-la-nieve-rara-efimera\\\/#primaryimage\"},\"image\":{\"@id\":\"https:\\\/\\\/camping-bidarray.fr\\\/espanol\\\/blog\\\/camping-ametoya-la-nieve-rara-efimera\\\/#primaryimage\"},\"thumbnailUrl\":\"https:\\\/\\\/camping-bidarray.fr\\\/espanol\\\/wp-content\\\/uploads\\\/sites\\\/9\\\/2018\\\/03\\\/camping-amestoya-bidarray-neige.jpg\",\"datePublished\":\"2018-03-01T21:37:23+00:00\",\"dateModified\":\"2018-07-22T09:34:48+00:00\",\"author\":{\"@id\":\"https:\\\/\\\/camping-bidarray.fr\\\/espanol\\\/#\\\/schema\\\/person\\\/83816f7c9a014bf08507a7d6216db6fc\"},\"description\":\"\u00a1 Ayer el camping Amestoya de Bidarray bajo la nieve a trocado su abrigo verde para un blanco inhabitual y ef\u00edmero, esto merece bien algunas fotos!\",\"breadcrumb\":{\"@id\":\"https:\\\/\\\/camping-bidarray.fr\\\/espanol\\\/blog\\\/camping-ametoya-la-nieve-rara-efimera\\\/#breadcrumb\"},\"inLanguage\":\"es\",\"potentialAction\":[{\"@type\":\"ReadAction\",\"target\":[\"https:\\\/\\\/camping-bidarray.fr\\\/espanol\\\/blog\\\/camping-ametoya-la-nieve-rara-efimera\\\/\"]}]},{\"@type\":\"ImageObject\",\"inLanguage\":\"es\",\"@id\":\"https:\\\/\\\/camping-bidarray.fr\\\/espanol\\\/blog\\\/camping-ametoya-la-nieve-rara-efimera\\\/#primaryimage\",\"url\":\"https:\\\/\\\/camping-bidarray.fr\\\/espanol\\\/wp-content\\\/uploads\\\/sites\\\/9\\\/2018\\\/03\\\/camping-amestoya-bidarray-neige.jpg\",\"contentUrl\":\"https:\\\/\\\/camping-bidarray.fr\\\/espanol\\\/wp-content\\\/uploads\\\/sites\\\/9\\\/2018\\\/03\\\/camping-amestoya-bidarray-neige.jpg\",\"width\":2496,\"height\":1296,\"caption\":\"Ayer el camping Amestoya de Bidarray bajo la nieve a trocado su abrigo verde para un blanco inhabitual y ef\u00edmero\"},{\"@type\":\"BreadcrumbList\",\"@id\":\"https:\\\/\\\/camping-bidarray.fr\\\/espanol\\\/blog\\\/camping-ametoya-la-nieve-rara-efimera\\\/#breadcrumb\",\"itemListElement\":[{\"@type\":\"ListItem\",\"position\":1,\"name\":\"Accueil\",\"item\":\"https:\\\/\\\/camping-bidarray.fr\\\/espanol\\\/\"},{\"@type\":\"ListItem\",\"position\":2,\"name\":\"El camping Amestoya bajo la nieve, rara y ef\u00edmera\"}]},{\"@type\":\"WebSite\",\"@id\":\"https:\\\/\\\/camping-bidarray.fr\\\/espanol\\\/#website\",\"url\":\"https:\\\/\\\/camping-bidarray.fr\\\/espanol\\\/\",\"name\":\"Camping Bidarray espa\u00f1ol\",\"description\":\"\",\"potentialAction\":[{\"@type\":\"SearchAction\",\"target\":{\"@type\":\"EntryPoint\",\"urlTemplate\":\"https:\\\/\\\/camping-bidarray.fr\\\/espanol\\\/?s={search_term_string}\"},\"query-input\":{\"@type\":\"PropertyValueSpecification\",\"valueRequired\":true,\"valueName\":\"search_term_string\"}}],\"inLanguage\":\"es\"},{\"@type\":\"Person\",\"@id\":\"https:\\\/\\\/camping-bidarray.fr\\\/espanol\\\/#\\\/schema\\\/person\\\/83816f7c9a014bf08507a7d6216db6fc\",\"name\":\"raftcamp\"}]}<\/script>\n<!-- \/ Yoast SEO plugin. -->","yoast_head_json":{"title":"El camping Amestoya de Bidarray bajo la nieve, rara y ef\u00edmera","description":"\u00a1 Ayer el camping Amestoya de Bidarray bajo la nieve a trocado su abrigo verde para un blanco inhabitual y ef\u00edmero, esto merece bien algunas fotos!","robots":{"index":"index","follow":"follow","max-snippet":"max-snippet:-1","max-image-preview":"max-image-preview:large","max-video-preview":"max-video-preview:-1"},"canonical":"https:\/\/camping-bidarray.fr\/espanol\/blog\/camping-ametoya-la-nieve-rara-efimera\/","og_locale":"es_ES","og_type":"article","og_title":"El camping Amestoya de Bidarray bajo la nieve, rara y ef\u00edmera","og_description":"\u00a1 Ayer el camping Amestoya de Bidarray bajo la nieve a trocado su abrigo verde para un blanco inhabitual y ef\u00edmero, esto merece bien algunas fotos!","og_url":"https:\/\/camping-bidarray.fr\/espanol\/blog\/camping-ametoya-la-nieve-rara-efimera\/","og_site_name":"Camping Bidarray espa\u00f1ol","article_publisher":"https:\/\/www.facebook.com\/Camping-Amestoya-1669309003340646\/","article_published_time":"2018-03-01T21:37:23+00:00","article_modified_time":"2018-07-22T09:34:48+00:00","og_image":[{"width":2496,"height":1296,"url":"https:\/\/camping-bidarray.fr\/espanol\/wp-content\/uploads\/sites\/9\/2018\/03\/camping-amestoya-bidarray-neige.jpg","type":"image\/jpeg"}],"author":"raftcamp","twitter_card":"summary_large_image","twitter_misc":{"Escrito por":"raftcamp","Tiempo de lectura":"1 minuto"},"schema":{"@context":"https:\/\/schema.org","@graph":[{"@type":"Article","@id":"https:\/\/camping-bidarray.fr\/espanol\/blog\/camping-ametoya-la-nieve-rara-efimera\/#article","isPartOf":{"@id":"https:\/\/camping-bidarray.fr\/espanol\/blog\/camping-ametoya-la-nieve-rara-efimera\/"},"author":{"name":"raftcamp","@id":"https:\/\/camping-bidarray.fr\/espanol\/#\/schema\/person\/83816f7c9a014bf08507a7d6216db6fc"},"headline":"El camping Amestoya bajo la nieve, rara y ef\u00edmera","datePublished":"2018-03-01T21:37:23+00:00","dateModified":"2018-07-22T09:34:48+00:00","mainEntityOfPage":{"@id":"https:\/\/camping-bidarray.fr\/espanol\/blog\/camping-ametoya-la-nieve-rara-efimera\/"},"wordCount":208,"commentCount":0,"image":{"@id":"https:\/\/camping-bidarray.fr\/espanol\/blog\/camping-ametoya-la-nieve-rara-efimera\/#primaryimage"},"thumbnailUrl":"https:\/\/camping-bidarray.fr\/espanol\/wp-content\/uploads\/sites\/9\/2018\/03\/camping-amestoya-bidarray-neige.jpg","articleSection":["actus"],"inLanguage":"es","potentialAction":[{"@type":"CommentAction","name":"Comment","target":["https:\/\/camping-bidarray.fr\/espanol\/blog\/camping-ametoya-la-nieve-rara-efimera\/#respond"]}]},{"@type":"WebPage","@id":"https:\/\/camping-bidarray.fr\/espanol\/blog\/camping-ametoya-la-nieve-rara-efimera\/","url":"https:\/\/camping-bidarray.fr\/espanol\/blog\/camping-ametoya-la-nieve-rara-efimera\/","name":"El camping Amestoya de Bidarray bajo la nieve, rara y ef\u00edmera","isPartOf":{"@id":"https:\/\/camping-bidarray.fr\/espanol\/#website"},"primaryImageOfPage":{"@id":"https:\/\/camping-bidarray.fr\/espanol\/blog\/camping-ametoya-la-nieve-rara-efimera\/#primaryimage"},"image":{"@id":"https:\/\/camping-bidarray.fr\/espanol\/blog\/camping-ametoya-la-nieve-rara-efimera\/#primaryimage"},"thumbnailUrl":"https:\/\/camping-bidarray.fr\/espanol\/wp-content\/uploads\/sites\/9\/2018\/03\/camping-amestoya-bidarray-neige.jpg","datePublished":"2018-03-01T21:37:23+00:00","dateModified":"2018-07-22T09:34:48+00:00","author":{"@id":"https:\/\/camping-bidarray.fr\/espanol\/#\/schema\/person\/83816f7c9a014bf08507a7d6216db6fc"},"description":"\u00a1 Ayer el camping Amestoya de Bidarray bajo la nieve a trocado su abrigo verde para un blanco inhabitual y ef\u00edmero, esto merece bien algunas fotos!","breadcrumb":{"@id":"https:\/\/camping-bidarray.fr\/espanol\/blog\/camping-ametoya-la-nieve-rara-efimera\/#breadcrumb"},"inLanguage":"es","potentialAction":[{"@type":"ReadAction","target":["https:\/\/camping-bidarray.fr\/espanol\/blog\/camping-ametoya-la-nieve-rara-efimera\/"]}]},{"@type":"ImageObject","inLanguage":"es","@id":"https:\/\/camping-bidarray.fr\/espanol\/blog\/camping-ametoya-la-nieve-rara-efimera\/#primaryimage","url":"https:\/\/camping-bidarray.fr\/espanol\/wp-content\/uploads\/sites\/9\/2018\/03\/camping-amestoya-bidarray-neige.jpg","contentUrl":"https:\/\/camping-bidarray.fr\/espanol\/wp-content\/uploads\/sites\/9\/2018\/03\/camping-amestoya-bidarray-neige.jpg","width":2496,"height":1296,"caption":"Ayer el camping Amestoya de Bidarray bajo la nieve a trocado su abrigo verde para un blanco inhabitual y ef\u00edmero"},{"@type":"BreadcrumbList","@id":"https:\/\/camping-bidarray.fr\/espanol\/blog\/camping-ametoya-la-nieve-rara-efimera\/#breadcrumb","itemListElement":[{"@type":"ListItem","position":1,"name":"Accueil","item":"https:\/\/camping-bidarray.fr\/espanol\/"},{"@type":"ListItem","position":2,"name":"El camping Amestoya bajo la nieve, rara y ef\u00edmera"}]},{"@type":"WebSite","@id":"https:\/\/camping-bidarray.fr\/espanol\/#website","url":"https:\/\/camping-bidarray.fr\/espanol\/","name":"Camping Bidarray espa\u00f1ol","description":"","potentialAction":[{"@type":"SearchAction","target":{"@type":"EntryPoint","urlTemplate":"https:\/\/camping-bidarray.fr\/espanol\/?s={search_term_string}"},"query-input":{"@type":"PropertyValueSpecification","valueRequired":true,"valueName":"search_term_string"}}],"inLanguage":"es"},{"@type":"Person","@id":"https:\/\/camping-bidarray.fr\/espanol\/#\/schema\/person\/83816f7c9a014bf08507a7d6216db6fc","name":"raftcamp"}]}},"_links":{"self":[{"href":"https:\/\/camping-bidarray.fr\/espanol\/wp-json\/wp\/v2\/posts\/969","targetHints":{"allow":["GET"]}}],"collection":[{"href":"https:\/\/camping-bidarray.fr\/espanol\/wp-json\/wp\/v2\/posts"}],"about":[{"href":"https:\/\/camping-bidarray.fr\/espanol\/wp-json\/wp\/v2\/types\/post"}],"author":[{"embeddable":true,"href":"https:\/\/camping-bidarray.fr\/espanol\/wp-json\/wp\/v2\/users\/3"}],"replies":[{"embeddable":true,"href":"https:\/\/camping-bidarray.fr\/espanol\/wp-json\/wp\/v2\/comments?post=969"}],"version-history":[{"count":3,"href":"https:\/\/camping-bidarray.fr\/espanol\/wp-json\/wp\/v2\/posts\/969\/revisions"}],"predecessor-version":[{"id":974,"href":"https:\/\/camping-bidarray.fr\/espanol\/wp-json\/wp\/v2\/posts\/969\/revisions\/974"}],"wp:featuredmedia":[{"embeddable":true,"href":"https:\/\/camping-bidarray.fr\/espanol\/wp-json\/wp\/v2\/media\/961"}],"wp:attachment":[{"href":"https:\/\/camping-bidarray.fr\/espanol\/wp-json\/wp\/v2\/media?parent=969"}],"wp:term":[{"taxonomy":"category","embeddable":true,"href":"https:\/\/camping-bidarray.fr\/espanol\/wp-json\/wp\/v2\/categories?post=969"},{"taxonomy":"post_tag","embeddable":true,"href":"https:\/\/camping-bidarray.fr\/espanol\/wp-json\/wp\/v2\/tags?post=969"}],"curies":[{"name":"wp","href":"https:\/\/api.w.org\/{rel}","templated":true}]}}